{"id":1039,"date":"2025-07-12T12:30:56","date_gmt":"2025-07-12T12:30:56","guid":{"rendered":"https:\/\/www.buergerverein-ammerbuch.de\/bv\/?p=1039"},"modified":"2025-07-20T16:49:06","modified_gmt":"2025-07-20T16:49:06","slug":"ausstellung-eroeffnet","status":"publish","type":"post","link":"https:\/\/www.buergerverein-ammerbuch.de\/bv\/ausstellung-eroeffnet\/","title":{"rendered":"Ausstellung er\u00f6ffnet"},"content":{"rendered":"\n<p>Am 12.07.2025 wurde die Ausstellung &#8222;<a href=\"https:\/\/www.buergerverein-ammerbuch.de\/bv\/vorankuendigung-ausstellung-gold-im-ammertal-in-poltringen\/\">Gold im Ammertal<\/a>&#8220; in der Poltringer Schlossscheuer mit einer einst\u00fcndigen F\u00fchrung er\u00f6ffnet. An die 40 Besucher besuchten am ersten \u00d6ffnungstag die Ausstellung und belebten die Schlossscheuer. H\u00f6hepunkt der F\u00fchrung war, dass die in Pf\u00e4ffingen gefundene <a href=\"https:\/\/www.archaeologie-online.de\/index.php?id=8&amp;L=1&amp;tx_news_pi1%5Bnews%5D=4449&amp;tx_news_pi1%5Bcontroller%5D=News&amp;tx_news_pi1%5Baction%5D=detail&amp;cHash=4924d63d75f102264bb8e102944e2ab1\">Perlenkette<\/a> von 5.200 v. Chr. im Original w\u00e4hrend der F\u00fchrung gezeigt werden konnte. Der Goldring ist leider noch Teil einer anderen Ausstellung und konnte zu diesem Termin daher nicht gezeigt werden. <\/p>\n\n\n\n<p>F\u00fcr die F\u00fchrung konnten wir die beiden wissenschaftlichen Leiter der Ausgrabungen im Ammertal Prof. Krauss und Dr. Bofinger gewinnen, die kurzweilig durch die Ausstellung f\u00fchrten. Am 20.07.2025 um 14:30 Uhr wird es eine weitere F\u00fchrung geben. Ansonsten ist die Ausstellung noch ge\u00f6ffnet am: So 13.07.2025 von 16-18 Uhr, Sa 19.07.2025 von 9-11 Uhr und So 20.07.2025 von 16-18 Uhr.<\/p>\n\n\n\n<p>Weitere Besonderheiten bei den Ausstellungsmaterialen sind ein aus der Zeit von ca. 5.000 v. Chr. stammender originaler Mahlstein (sog. &#8222;Unterlieger&#8220;) aus Ammerbuch, alte Kulturpflanzensorten aus dieser Zeit und einige Repliken von ebenfalls steinzeitlichen Keramikgef\u00e4\u00dfen.<\/p>\n\n\n\n<p>Hier nachfolgende Berichte im <a href=\"https:\/\/www.swp.de\/lokales\/rottenburg\/ausstellung-in-der-poltringer-schlossscheuer-goldener-sensationsfund-auf-reisen-78182984.html\">TAGBLATT<\/a> und <a href=\"https:\/\/www.gaeubote.de\/Nachrichten\/Zeugnisse-aus-der-Region-zu-sehen-157086.html\">G\u00c4UBOTE<\/a>. Und auch am zweiten \u00d6ffnungstag war reger Betrieb mit 30 Besuchern. Vor der Er\u00f6ffnung besuchten schon zwei Besuchergruppen der Uni T\u00fcbingen mit etwa 30 Teilnehmern die Ausstellung. Am zweitletzten \u00d6ffungstag konnten wir um die 20 Besucher begr\u00fc\u00dfen und am letzten \u00d6ffnungstag durch die F\u00fchrung noch einmal 90 Besucher.<\/p>\n\n\n\n<p>Zudem unterzeichneten viele Besucher unsere Unterschriftenliste zum Erhalt der Schlossscheuer, es konnten neue Mitglieder gewonnen werden, auch kamen viele Spenden zusammen und es konnten alle Ausstellungskataloge, Plakate und einige Heimatb\u00fccher verkauft werden. Rundum war das eine sch\u00f6ne Veranstaltung, die auch vom warmen Wetter beg\u00fcnstigt war.<\/p>\n\n\n\n<p>F\u00fcr den B\u00fcrgerverein Ammerbuch e.V., B. Dieter<\/p>\n","protected":false},"excerpt":{"rendered":"<p>Am 12.07.2025 wurde die Ausstellung &#8222;Gold im Ammertal&#8220; in der Poltringer Schlossscheuer mit einer einst\u00fcndigen F\u00fchrung er\u00f6ffnet. An die 40 Besucher besuchten am ersten \u00d6ffnungstag die Ausstellung und belebten die Schlossscheuer. H\u00f6hepunkt der F\u00fchrung war, dass die in Pf\u00e4ffingen gefundene&#8230; <a class=\"more-link\" href=\"https:\/\/www.buergerverein-ammerbuch.de\/bv\/ausstellung-eroeffnet\/\">Weiterlesen &rarr;<\/a><\/p>\n","protected":false},"author":3,"featured_media":1041,"comment_status":"closed","ping_status":"open","sticky":false,"template":"","format":"standard","meta":{"footnotes":""},"categories":[1],"tags":[],"class_list":["post-1039","post","type-post","status-publish","format-standard","has-post-thumbnail","hentry","category-uncategorized"],"_links":{"self":[{"href":"https:\/\/www.buergerverein-ammerbuch.de\/bv\/wp-json\/wp\/v2\/posts\/1039","targetHints":{"allow":["GET"]}}],"collection":[{"href":"https:\/\/www.buergerverein-ammerbuch.de\/bv\/wp-json\/wp\/v2\/posts"}],"about":[{"href":"https:\/\/www.buergerverein-ammerbuch.de\/bv\/wp-json\/wp\/v2\/types\/post"}],"author":[{"embeddable":true,"href":"https:\/\/www.buergerverein-ammerbuch.de\/bv\/wp-json\/wp\/v2\/users\/3"}],"replies":[{"embeddable":true,"href":"https:\/\/www.buergerverein-ammerbuch.de\/bv\/wp-json\/wp\/v2\/comments?post=1039"}],"version-history":[{"count":11,"href":"https:\/\/www.buergerverein-ammerbuch.de\/bv\/wp-json\/wp\/v2\/posts\/1039\/revisions"}],"predecessor-version":[{"id":1059,"href":"https:\/\/www.buergerverein-ammerbuch.de\/bv\/wp-json\/wp\/v2\/posts\/1039\/revisions\/1059"}],"wp:featuredmedia":[{"embeddable":true,"href":"https:\/\/www.buergerverein-ammerbuch.de\/bv\/wp-json\/wp\/v2\/media\/1041"}],"wp:attachment":[{"href":"https:\/\/www.buergerverein-ammerbuch.de\/bv\/wp-json\/wp\/v2\/media?parent=1039"}],"wp:term":[{"taxonomy":"category","embeddable":true,"href":"https:\/\/www.buergerverein-ammerbuch.de\/bv\/wp-json\/wp\/v2\/categories?post=1039"},{"taxonomy":"post_tag","embeddable":true,"href":"https:\/\/www.buergerverein-ammerbuch.de\/bv\/wp-json\/wp\/v2\/tags?post=1039"}],"curies":[{"name":"wp","href":"https:\/\/api.w.org\/{rel}","templated":true}]}}