{"id":230,"date":"2021-08-14T19:23:50","date_gmt":"2021-08-14T19:23:50","guid":{"rendered":"https:\/\/www.buergerverein-ammerbuch.de\/bv\/?p=230"},"modified":"2021-08-19T07:19:18","modified_gmt":"2021-08-19T07:19:18","slug":"historische-ernteaktion-2021","status":"publish","type":"post","link":"https:\/\/www.buergerverein-ammerbuch.de\/bv\/historische-ernteaktion-2021\/","title":{"rendered":"Historische Ernteaktion 2021"},"content":{"rendered":"\n<figure class=\"wp-block-table\"><table><tbody><tr><td>Am 14.08.21 ab 10 Uhr veranstaltete der B\u00fcrgerverein Ammerbuch e.V. wieder eine historische Getreideernte. In einer Stunde wurde ein extra angelegtes Getreidefeld hinter der St. Stephanus-Kirche \u00fcber der Ammer abgeerntet. Unter der Leitung von Meinrad Schmid waren Berta Schluttenhofer, Erika Mikeler, Regine Notter-Schmid, Theodor Hartmann, Willi Friedrich mit Krabbenfl\u00fcgel-Sensen, Sicheln und Garbenbindern aktiv. \u00dcber 30 Besucher, viele Kinder und Pressevertreter (Bericht <a href=\"https:\/\/www.tagblatt.de\/Nachrichten\/Wanderung-mit-Historikern-Von-Gravuren-und-Grenzzeugen-512688.html\" data-type=\"URL\" data-id=\"https:\/\/www.tagblatt.de\/Nachrichten\/Wanderung-mit-Historikern-Von-Gravuren-und-Grenzzeugen-512688.html\">Tagblatt<\/a> und <a href=\"https:\/\/www.gaeubote.de\/Nachrichten\/In-heisser-Sonne-mit-der-Sense-auf-dem-Feld-91628.html\" data-type=\"URL\" data-id=\"https:\/\/www.gaeubote.de\/Nachrichten\/In-heisser-Sonne-mit-der-Sense-auf-dem-Feld-91628.html\">G\u00e4ubote<\/a> vom 16.08.21) verfolgten die Aktion und die anschlie\u00dfende Beladung des h\u00f6lzernen Erntewagens. Auch ein Verkauf des Ammerbuch-Buchs des B\u00fcrgervereins fand statt. Die Aktion wurde vom B\u00fcrgerverein wieder per Foto, Film und Drohnenaufnahmen erfasst um daraus einen Film zu gestalten. Nach einem z\u00fcnftigen Vesper f\u00fcr die Helfer unter der St. Stephanus-Kirchen-Linde ging es dann mit dem Erntewagen in die Schlossscheuer. Die Garben sollen dann in einer weiteren Aktion maschinell und manuell gedroschen werden.<\/td><\/tr><\/tbody><\/table><\/figure>\n\n\n\n<p><\/p>\n","protected":false},"excerpt":{"rendered":"<p>Am 14.08.21 ab 10 Uhr veranstaltete der B\u00fcrgerverein Ammerbuch e.V. wieder eine historische Getreideernte. In einer Stunde wurde ein extra angelegtes Getreidefeld hinter der St. Stephanus-Kirche \u00fcber der Ammer abgeerntet. Unter der Leitung von Meinrad Schmid waren Berta Schluttenhofer, Erika&#8230; <a class=\"more-link\" href=\"https:\/\/www.buergerverein-ammerbuch.de\/bv\/historische-ernteaktion-2021\/\">Weiterlesen &rarr;<\/a><\/p>\n","protected":false},"author":3,"featured_media":231,"comment_status":"closed","ping_status":"open","sticky":false,"template":"","format":"standard","meta":{"footnotes":""},"categories":[1],"tags":[],"class_list":["post-230","post","type-post","status-publish","format-standard","has-post-thumbnail","hentry","category-uncategorized"],"_links":{"self":[{"href":"https:\/\/www.buergerverein-ammerbuch.de\/bv\/wp-json\/wp\/v2\/posts\/230","targetHints":{"allow":["GET"]}}],"collection":[{"href":"https:\/\/www.buergerverein-ammerbuch.de\/bv\/wp-json\/wp\/v2\/posts"}],"about":[{"href":"https:\/\/www.buergerverein-ammerbuch.de\/bv\/wp-json\/wp\/v2\/types\/post"}],"author":[{"embeddable":true,"href":"https:\/\/www.buergerverein-ammerbuch.de\/bv\/wp-json\/wp\/v2\/users\/3"}],"replies":[{"embeddable":true,"href":"https:\/\/www.buergerverein-ammerbuch.de\/bv\/wp-json\/wp\/v2\/comments?post=230"}],"version-history":[{"count":3,"href":"https:\/\/www.buergerverein-ammerbuch.de\/bv\/wp-json\/wp\/v2\/posts\/230\/revisions"}],"predecessor-version":[{"id":239,"href":"https:\/\/www.buergerverein-ammerbuch.de\/bv\/wp-json\/wp\/v2\/posts\/230\/revisions\/239"}],"wp:featuredmedia":[{"embeddable":true,"href":"https:\/\/www.buergerverein-ammerbuch.de\/bv\/wp-json\/wp\/v2\/media\/231"}],"wp:attachment":[{"href":"https:\/\/www.buergerverein-ammerbuch.de\/bv\/wp-json\/wp\/v2\/media?parent=230"}],"wp:term":[{"taxonomy":"category","embeddable":true,"href":"https:\/\/www.buergerverein-ammerbuch.de\/bv\/wp-json\/wp\/v2\/categories?post=230"},{"taxonomy":"post_tag","embeddable":true,"href":"https:\/\/www.buergerverein-ammerbuch.de\/bv\/wp-json\/wp\/v2\/tags?post=230"}],"curies":[{"name":"wp","href":"https:\/\/api.w.org\/{rel}","templated":true}]}}