{"id":233,"date":"2021-08-14T19:25:55","date_gmt":"2021-08-14T19:25:55","guid":{"rendered":"https:\/\/www.buergerverein-ammerbuch.de\/bv\/?p=233"},"modified":"2021-08-14T19:25:55","modified_gmt":"2021-08-14T19:25:55","slug":"ortskundliche-wanderung-teil-2-im-walking-in-the-heat","status":"publish","type":"post","link":"https:\/\/www.buergerverein-ammerbuch.de\/bv\/ortskundliche-wanderung-teil-2-im-walking-in-the-heat\/","title":{"rendered":"Ortskundliche Wanderung Teil 2 \u2013 \u201eI\u00b4m walking in the heat\u2026.\u201c"},"content":{"rendered":"\n<p>Am 14.08. ab 14 Uhr wurde die am vorherigen Samstag gestartete und wegen zu starkem Regens nach 2 h abgebrochene ortskundliche Wanderung auf den Gemarkungsgrenzen fortgesetzt. Diesmal f\u00fchrten sogar drei Ortshistoriker die etwa 25 Interessierten und Pressevertreter. Die Entringer Gemarkung deckte Reinhold Bauer ab, Poltringen Boris Dieter und, da auch die Reustener Gemarkung ber\u00fchrt wurde, war auch Roland Fakler diesmal mit dabei.<\/p>\n\n\n\n<p>Nach Wind und Regen bei der letzten Tour hatte die Gruppe diesmal auf der fast schattenfreien Ammerbucher Hochebene mit Temperaturen \u00fcber 30 Grad zu k\u00e4mpfen. Daher wurde auch diesmal die Wanderung abgek\u00fcrzt und am Hardtwald beendet. Eventuell finden wegen des gro\u00dfen Interesses weitere Fortsetzungen rund um den Hardtwald, rund um Breitenholz und im Sch\u00f6nbuch statt.<\/p>\n\n\n\n<p>Nach dem Start und Einf\u00fchrung am Mannawerk in Pf\u00e4ffingen ging es immer am K\u00e4sbach entlang vorbei an der fr\u00fchneolitischen K\u00e4sbachsiedlung (5300 v. Chr.), den keltischen H\u00fcgelgr\u00e4bern am Schopfenloch (300\/400 v. Chr.) zur R\u00f6merquelle unterhalb des fr\u00fcheren r\u00f6mischen Gutshofes. Von dort ging es an den zwei Fischweihern zur Gemarkungsgrenze zwischen Entringen und Poltringen. Dort gab es dann die ersten 3-400 Jahre alten Grenzsteine mit Symbolen wie Hirschstange (W\u00fcrttemberg), Eber (Poltringen) und Ente (Entringen) zu sehen. Ein Beispielsbild ist anbei. Immer auf der Grenze entlang ging es dann am Flugfeld und Entensee vorbei, wo es u.a. Hinweise zum Poltringer Galgenplatz, zum Ammerbucher \u201ekommunalen Mittelpunkt\u201c und zur Sage vom Harth\u00e4uslegeist gab und Reinhold Bauer seinen Aufsatz als F\u00fcnftkl\u00e4ssler \u00fcber den damaligen dritten Flugtag verlas. Von dort ging es dann vorbei an weiteren Grenzsteinen, z.B. auch einem Reustener Grenzstein mit Abtsstab (Bebenhausen) Richtung Hardtwald, wo an der Betteleiche mit Hinweisen zum Reustener Gerichtsplatz an der R\u00f6merstra\u00dfe, die Burg Kr\u00e4heneck auf dem Kirchberg und den spektakul\u00e4ren fr\u00fchbronzezeitlichen Goldringfund (1800 v. Chr.) letztes Jahr beim Reustener Spielplatz die Wanderung endete. Zudem danken die Ortskundef\u00fchrer Reinhold Bauer, Roland Fakler und Boris Dieter wieder f\u00fcr die freigiebigen Spenden f\u00fcr die Turmgrundsanierung der Michaelskirche am Ende der Wanderung.<\/p>\n","protected":false},"excerpt":{"rendered":"<p>Am 14.08. ab 14 Uhr wurde die am vorherigen Samstag gestartete und wegen zu starkem Regens nach 2 h abgebrochene ortskundliche Wanderung auf den Gemarkungsgrenzen fortgesetzt. Diesmal f\u00fchrten sogar drei Ortshistoriker die etwa 25 Interessierten und Pressevertreter. Die Entringer Gemarkung&#8230; <a class=\"more-link\" href=\"https:\/\/www.buergerverein-ammerbuch.de\/bv\/ortskundliche-wanderung-teil-2-im-walking-in-the-heat\/\">Weiterlesen &rarr;<\/a><\/p>\n","protected":false},"author":3,"featured_media":234,"comment_status":"closed","ping_status":"open","sticky":false,"template":"","format":"standard","meta":{"footnotes":""},"categories":[1],"tags":[],"class_list":["post-233","post","type-post","status-publish","format-standard","has-post-thumbnail","hentry","category-uncategorized"],"_links":{"self":[{"href":"https:\/\/www.buergerverein-ammerbuch.de\/bv\/wp-json\/wp\/v2\/posts\/233","targetHints":{"allow":["GET"]}}],"collection":[{"href":"https:\/\/www.buergerverein-ammerbuch.de\/bv\/wp-json\/wp\/v2\/posts"}],"about":[{"href":"https:\/\/www.buergerverein-ammerbuch.de\/bv\/wp-json\/wp\/v2\/types\/post"}],"author":[{"embeddable":true,"href":"https:\/\/www.buergerverein-ammerbuch.de\/bv\/wp-json\/wp\/v2\/users\/3"}],"replies":[{"embeddable":true,"href":"https:\/\/www.buergerverein-ammerbuch.de\/bv\/wp-json\/wp\/v2\/comments?post=233"}],"version-history":[{"count":1,"href":"https:\/\/www.buergerverein-ammerbuch.de\/bv\/wp-json\/wp\/v2\/posts\/233\/revisions"}],"predecessor-version":[{"id":235,"href":"https:\/\/www.buergerverein-ammerbuch.de\/bv\/wp-json\/wp\/v2\/posts\/233\/revisions\/235"}],"wp:featuredmedia":[{"embeddable":true,"href":"https:\/\/www.buergerverein-ammerbuch.de\/bv\/wp-json\/wp\/v2\/media\/234"}],"wp:attachment":[{"href":"https:\/\/www.buergerverein-ammerbuch.de\/bv\/wp-json\/wp\/v2\/media?parent=233"}],"wp:term":[{"taxonomy":"category","embeddable":true,"href":"https:\/\/www.buergerverein-ammerbuch.de\/bv\/wp-json\/wp\/v2\/categories?post=233"},{"taxonomy":"post_tag","embeddable":true,"href":"https:\/\/www.buergerverein-ammerbuch.de\/bv\/wp-json\/wp\/v2\/tags?post=233"}],"curies":[{"name":"wp","href":"https:\/\/api.w.org\/{rel}","templated":true}]}}