{"id":374,"date":"2022-04-27T18:56:52","date_gmt":"2022-04-27T18:56:52","guid":{"rendered":"https:\/\/www.buergerverein-ammerbuch.de\/bv\/?p=374"},"modified":"2022-04-27T18:57:41","modified_gmt":"2022-04-27T18:57:41","slug":"aus-der-ammerbucher-heimatgeschichte-das-ammerbucher-wollnashorn","status":"publish","type":"post","link":"https:\/\/www.buergerverein-ammerbuch.de\/bv\/aus-der-ammerbucher-heimatgeschichte-das-ammerbucher-wollnashorn\/","title":{"rendered":"Aus der Ammerbucher Heimatgeschichte \u2013 \u201eDas Ammerbucher Wollnashorn\u201c"},"content":{"rendered":"\n<p>Bei den Ausgrabungen in Reusten in der Flur Gr\u00fcninger\/St\u00fctzbrunnen, die seit Herbst 2021 laufen, und prim\u00e4r die dortige Besiedlungsgeschichte \u00fcber den Fund von Gr\u00e4bern, Abfallgruben und Behausungsspuren erhellen soll, wurde auch ein anderer interessanter Fund gemacht. Denn man fand am 09.12.2021 \u00fcberraschenderweise am Grund einer schmalen Schlitzgrube den eiszeitlichen Beckenknochenrest eines Wollnashorns (Bild: Achim Lehmkuhl, Ehrenamtlicher Beauftragter des Landesdenkmalamtes, Staatliches Museum f\u00fcr Naturkunde, Stuttgart 2021)<\/p>\n\n\n\n<p>Vermutlich ist das Tier dort auch verstorben. Wollnash\u00f6rner haben bis zum Ende der letzten Eiszeit bis vor ca. 20.000 Jahren und seit circa 400.000 Jahren in unserer Region gelebt. Die gefundenen Knochen sind aber mindestens 40.000 Jahre alt. Zu dieser Zeit gab es hier aber auch Menschen, die als steinzeitliche J\u00e4ger und Sammler lebten. Wollnash\u00f6rner erreichten ohne Schwanz eine L\u00e4nge von 3,50 m, hatten eine Widerristh\u00f6he von bis zu 1,7 m und wogen an die 3 Tonnen. Ihren Namen bekamen sie durch ihr dichtes Fell.<\/p>\n\n\n\n<p>Die Wollnash\u00f6rner lebten hier haupts\u00e4chlich in der Zeit der K\u00e4ltemaxima, mit einem sogenannten Dauerfrostboden. Deswegen wurde der vorgenannte Rest in sogenannten Flie\u00dferden gefunden. Diese Flie\u00dferden tauten tempor\u00e4r etwas auf und flo\u00dfen\/glitten auf dem gefrorenen, glatten Boden. Bei solchen Vorg\u00e4ngen kommen die Knochen schnell in den Boden und waren dann vor der Verwitterung gesch\u00fctzt.<\/p>\n\n\n\n<p>Wer bei der noch bis 2023 laufenden Ausgrabung in Reusten ehrenamtlich mitarbeiten m\u00f6chte, kann sich zu Fragen und Anmeldung an die \u00f6rtliche Ausgrabungsleiterin Frau Lea Valcov unter folgender E-Mail-Adresse wenden: <a href=\"mailto:ehrenamtprojekt-ammerbuchreusten@web.de\">ehrenamtprojekt-ammerbuchreusten@web.de<\/a>. Vertiefte arch\u00e4ologische oder historische Vorkenntnisse sind f\u00fcr die Mitarbeit nicht erforderlich. Weitere Informationen sind unter diesem Link erh\u00e4ltlich: https:\/\/www.gesellschaft-archaeologie.de\/lehrgrabungen-einzelansicht\/ehrenamtsprojekt-ammerbuch-reusten-forschungsgrabung-2021-ff.html<\/p>\n\n\n\n<p>F\u00fcr den B\u00fcrgerverein Ammerbuch e.V., B. Dieter<\/p>\n","protected":false},"excerpt":{"rendered":"<p>Bei den Ausgrabungen in Reusten in der Flur Gr\u00fcninger\/St\u00fctzbrunnen, die seit Herbst 2021 laufen, und prim\u00e4r die dortige Besiedlungsgeschichte \u00fcber den Fund von Gr\u00e4bern, Abfallgruben und Behausungsspuren erhellen soll, wurde auch ein anderer interessanter Fund gemacht. Denn man fand am&#8230; <a class=\"more-link\" href=\"https:\/\/www.buergerverein-ammerbuch.de\/bv\/aus-der-ammerbucher-heimatgeschichte-das-ammerbucher-wollnashorn\/\">Weiterlesen &rarr;<\/a><\/p>\n","protected":false},"author":3,"featured_media":375,"comment_status":"closed","ping_status":"open","sticky":false,"template":"","format":"standard","meta":{"footnotes":""},"categories":[1],"tags":[],"class_list":["post-374","post","type-post","status-publish","format-standard","has-post-thumbnail","hentry","category-uncategorized"],"_links":{"self":[{"href":"https:\/\/www.buergerverein-ammerbuch.de\/bv\/wp-json\/wp\/v2\/posts\/374","targetHints":{"allow":["GET"]}}],"collection":[{"href":"https:\/\/www.buergerverein-ammerbuch.de\/bv\/wp-json\/wp\/v2\/posts"}],"about":[{"href":"https:\/\/www.buergerverein-ammerbuch.de\/bv\/wp-json\/wp\/v2\/types\/post"}],"author":[{"embeddable":true,"href":"https:\/\/www.buergerverein-ammerbuch.de\/bv\/wp-json\/wp\/v2\/users\/3"}],"replies":[{"embeddable":true,"href":"https:\/\/www.buergerverein-ammerbuch.de\/bv\/wp-json\/wp\/v2\/comments?post=374"}],"version-history":[{"count":1,"href":"https:\/\/www.buergerverein-ammerbuch.de\/bv\/wp-json\/wp\/v2\/posts\/374\/revisions"}],"predecessor-version":[{"id":376,"href":"https:\/\/www.buergerverein-ammerbuch.de\/bv\/wp-json\/wp\/v2\/posts\/374\/revisions\/376"}],"wp:featuredmedia":[{"embeddable":true,"href":"https:\/\/www.buergerverein-ammerbuch.de\/bv\/wp-json\/wp\/v2\/media\/375"}],"wp:attachment":[{"href":"https:\/\/www.buergerverein-ammerbuch.de\/bv\/wp-json\/wp\/v2\/media?parent=374"}],"wp:term":[{"taxonomy":"category","embeddable":true,"href":"https:\/\/www.buergerverein-ammerbuch.de\/bv\/wp-json\/wp\/v2\/categories?post=374"},{"taxonomy":"post_tag","embeddable":true,"href":"https:\/\/www.buergerverein-ammerbuch.de\/bv\/wp-json\/wp\/v2\/tags?post=374"}],"curies":[{"name":"wp","href":"https:\/\/api.w.org\/{rel}","templated":true}]}}