{"id":401,"date":"2022-06-20T19:37:53","date_gmt":"2022-06-20T19:37:53","guid":{"rendered":"https:\/\/www.buergerverein-ammerbuch.de\/bv\/?p=401"},"modified":"2022-06-20T19:39:44","modified_gmt":"2022-06-20T19:39:44","slug":"juergen-sturm-mary-janea-magical-history-tour-of-acoustic-rock","status":"publish","type":"post","link":"https:\/\/www.buergerverein-ammerbuch.de\/bv\/juergen-sturm-mary-janea-magical-history-tour-of-acoustic-rock\/","title":{"rendered":"B\u00fcrgerverein feiert 50 Jahre Ammerbuch mit J\u00fcrgen Sturm &#038; Mary Jane: &#8222;A magical history tour of acoustic rock&#8220;"},"content":{"rendered":"\n<p>Der T\u00fcbinger \/ Ammerbucher Musiker J\u00fcrgen Sturm (Gitarre, Gesang)<br>steht seit \u00fcber 50 Jahren sowohl solo als auch als Frontman seiner<br>erfolgreichen Bands ROCKING DADDIES und ACOUSTIC STORM<br>sowie der Neil Young Tribute Band POWERFINGER auf den B\u00fchnen der<br>Region oder auch im Ausland &#8211; z.B. in England, Frankreich oder Italien.<br>Seit 2010 wird er bei seinem Projekt ACOUSTIC STORM von &#8222;Mary<br>Jane&#8220; am Cajon perkussiv begleitet, im April 2015 hatten die beiden<br>einen durch Presse und Rundfunk bekannt gewordenen Auftritt als<br>Gastmusiker auf dem Transatlantik &#8211; Luxusdampfer &#8222;Mein Schiff 1&#8220; &#8211;<br>mitten auf dem Atlantik.<br>Das Programm der Band &#8222;A magical history tour of acoustic rock&#8220;<br>beinhaltet zum einen &#8222;Klassiker und Perlen der Rockgeschichte &#8220; mit<br>zum Teil selten live gespielten Songs u.a. von den Beatles, Rolling<br>Stones, Bob Dylan und Neil Young, den Eagles, Tom Petty oder Simon<br>&amp; Garfunkel bis hin zu Led Zeppelin, David Bowie, Pink Floyd, Oasis<br>oder Green Day. Bei seinen Songs setzt J\u00fcrgen Sturm diverse Effekte<br>wie z. B. eine Loop Station ein, um mittels Aufnahme und Wiedergabe<br>seiner Gitarrenparts 2 oder 3 Gitarren gleichzeitig erklingen zu lassen, so<br>dass man das Gef\u00fchl hat, es st\u00fcnde eine komplette Band auf der<br>B\u00fchne..<br>Zu h\u00f6ren sind aber auch immer wieder Eigenkompositionen von J\u00fcrgen<br>Sturm aus seiner Solo-CD \u201eACOUSTIC PASTIMES&#8220; oder die w\u00e4hrend<br>der diversen Lockdowns 2020 und 2021 entstandenen<br>Eigenkompositionen, wie z.B. die Songs &#8222;January 6 &#8211; Washington DC&#8220;,<br>&#8222;Goischterspieler&#8220; oder &#8222;D\u00f4 onda am Neggr&#8220;, die alle dieses Jahr schon<br>im SWR &#8211; Radio gelaufen sind.<br>ACOUSTIC STORM mit J\u00fcrgen Sturm &amp; Mary Jane versprechen ein<br>Konzert zum Tr\u00e4umen und Schweben, im Partyprogramm aber auch<br>zum Schwofen und Ausgelassensein.<\/p>\n\n\n\n<p>Zus\u00e4tzlich kann die Panorama\u00fcbersicht des Ammertals von 1695 und Teile der Museumssammlung besichtigt werden.<\/p>\n","protected":false},"excerpt":{"rendered":"<p>Der T\u00fcbinger \/ Ammerbucher Musiker J\u00fcrgen Sturm (Gitarre, Gesang)steht seit \u00fcber 50 Jahren sowohl solo als auch als Frontman seinererfolgreichen Bands ROCKING DADDIES und ACOUSTIC STORMsowie der Neil Young Tribute Band POWERFINGER auf den B\u00fchnen derRegion oder auch im Ausland&#8230; <a class=\"more-link\" href=\"https:\/\/www.buergerverein-ammerbuch.de\/bv\/juergen-sturm-mary-janea-magical-history-tour-of-acoustic-rock\/\">Weiterlesen &rarr;<\/a><\/p>\n","protected":false},"author":3,"featured_media":402,"comment_status":"closed","ping_status":"open","sticky":false,"template":"","format":"standard","meta":{"footnotes":""},"categories":[1],"tags":[],"class_list":["post-401","post","type-post","status-publish","format-standard","has-post-thumbnail","hentry","category-uncategorized"],"_links":{"self":[{"href":"https:\/\/www.buergerverein-ammerbuch.de\/bv\/wp-json\/wp\/v2\/posts\/401","targetHints":{"allow":["GET"]}}],"collection":[{"href":"https:\/\/www.buergerverein-ammerbuch.de\/bv\/wp-json\/wp\/v2\/posts"}],"about":[{"href":"https:\/\/www.buergerverein-ammerbuch.de\/bv\/wp-json\/wp\/v2\/types\/post"}],"author":[{"embeddable":true,"href":"https:\/\/www.buergerverein-ammerbuch.de\/bv\/wp-json\/wp\/v2\/users\/3"}],"replies":[{"embeddable":true,"href":"https:\/\/www.buergerverein-ammerbuch.de\/bv\/wp-json\/wp\/v2\/comments?post=401"}],"version-history":[{"count":2,"href":"https:\/\/www.buergerverein-ammerbuch.de\/bv\/wp-json\/wp\/v2\/posts\/401\/revisions"}],"predecessor-version":[{"id":405,"href":"https:\/\/www.buergerverein-ammerbuch.de\/bv\/wp-json\/wp\/v2\/posts\/401\/revisions\/405"}],"wp:featuredmedia":[{"embeddable":true,"href":"https:\/\/www.buergerverein-ammerbuch.de\/bv\/wp-json\/wp\/v2\/media\/402"}],"wp:attachment":[{"href":"https:\/\/www.buergerverein-ammerbuch.de\/bv\/wp-json\/wp\/v2\/media?parent=401"}],"wp:term":[{"taxonomy":"category","embeddable":true,"href":"https:\/\/www.buergerverein-ammerbuch.de\/bv\/wp-json\/wp\/v2\/categories?post=401"},{"taxonomy":"post_tag","embeddable":true,"href":"https:\/\/www.buergerverein-ammerbuch.de\/bv\/wp-json\/wp\/v2\/tags?post=401"}],"curies":[{"name":"wp","href":"https:\/\/api.w.org\/{rel}","templated":true}]}}