{"id":411,"date":"2022-07-29T10:07:43","date_gmt":"2022-07-29T10:07:43","guid":{"rendered":"https:\/\/www.buergerverein-ammerbuch.de\/bv\/?p=411"},"modified":"2022-11-03T18:17:31","modified_gmt":"2022-11-03T18:17:31","slug":"lust-auf-das-neue-ammerbuch-buch","status":"publish","type":"post","link":"https:\/\/www.buergerverein-ammerbuch.de\/bv\/lust-auf-das-neue-ammerbuch-buch\/","title":{"rendered":"Lust auf das neue Ammerbuch-Buch?"},"content":{"rendered":"\n<p>Wer mehr \u00fcber verschiedene Aspekte der Ammerbucher Heimatgeschichte wissen m\u00f6chte, findet hierzu passend zum diesj\u00e4hrigen Gemeindejubil\u00e4um seit dem Fr\u00fchjahr 2021 ein neues Buch.<\/p>\n\n\n\n<p>Um Ihnen Lust auf die Lekt\u00fcre zu machen, hier Ausschnitte aus den Vorworten:<\/p>\n\n\n\n<p><em>\u201e\u2026\u2026.. Denn dieses Buch, wie zuvor jenes \u00fcber Aspekte der Poltringer Ortsgeschichte ist ein Gipfelerlebnis eigener Art. Wie vom h\u00f6chsten Punkt einer Landschaft aus, l\u00e4sst er (Boris Dieter) seinen pers\u00f6nlichen Blick \u00fcber die Vergangenheit Ammerbuchs schweifen. Dabei nimmt er immer wieder einzelne Auff\u00e4lligkeiten ins Auge, fokussiert wie mit dem Fernrohr darauf. In seinem Buch hat er zusammengestellt, was ihn am Heimatraum Ammerbuch interessierte. Herausgekommen ist ein Panoramablick \u00fcber die Geschichte der heutigen Teilorte, insbesondere deren verbindende Strukturen. Das reicht von der \u201ealten Ammertalstra\u00dfe\u201c, dem mittelalterlichen Ammergau, Weinbau, Sch\u00f6nbuch, Burgen und Schl\u00f6ssern bis hin zum Ammert\u00e4ler Heimatlied\u2026\u2026\u2026.\u201c<\/em><\/p>\n\n\n\n<p>Prof. Dr. Wolfgang Sannwald, Kreisarchivar Landratsamt T\u00fcbingen<\/p>\n\n\n\n<p><em>\u201e\u2026\u2026.Es geht Boris Dieter nicht um eine geradlinige, nicht um eine vollst\u00e4ndige historische Betrachtung. Sein Bestreben ist vielmehr, auf das Einzelne, auf das Spezielle zu schauen und einen bunten Strau\u00df spannender Details zu pr\u00e4sentieren. Aus diesen Facetten der Vergangenheit entsteht eine v\u00f6llig eigene Sicht auf die Vergangenheit dieser lieblichen Region zwischen Sch\u00f6nbuch, Alb und Schwarzwald. Boris Dieter gelingt es, dem scheinbar Nebens\u00e4chlichen, Unspektakul\u00e4ren oder doch nur begrenzt Bedeutsamen durch genaues Hinsehen eine Gewichtung zu verleihen, die immer von Neuem im Kleinen das Gro\u00dfe der schw\u00e4bischen Geschichte aufscheinen l\u00e4sst. Mir macht es Freude, diesem genauen Hinsehen des Autors zu folgen und mit ihm in die Geschichte einzutauchen und mich mit Preziosen aus dem Vergangenen vertraut zu machen. Das Buch regt an, auch der Gegenwart mehr Beachtung zu schenken und genauer hinzusehen und hinzuh\u00f6ren\u2026\u2026\u201c<\/em><\/p>\n\n\n\n<p>Dieter Christ, 1. Vorsitzender des B\u00fcrgervereins Ammerbuch e.V.<\/p>\n\n\n\n<p>Erh\u00e4ltlich ist das Buch u.a. hier: M\u00fchleladen, Papier Kittel, Metzgerei Egeler und<br>im B\u00fcrgerb\u00fcro im Rathaus Entringen. Der Erl\u00f6s unterst\u00fctzt unsere Vereinsarbeit.<\/p>\n","protected":false},"excerpt":{"rendered":"<p>Wer mehr \u00fcber verschiedene Aspekte der Ammerbucher Heimatgeschichte wissen m\u00f6chte, findet hierzu passend zum diesj\u00e4hrigen Gemeindejubil\u00e4um seit dem Fr\u00fchjahr 2021 ein neues Buch. Um Ihnen Lust auf die Lekt\u00fcre zu machen, hier Ausschnitte aus den Vorworten: \u201e\u2026\u2026.. Denn dieses Buch,&#8230; <a class=\"more-link\" href=\"https:\/\/www.buergerverein-ammerbuch.de\/bv\/lust-auf-das-neue-ammerbuch-buch\/\">Weiterlesen &rarr;<\/a><\/p>\n","protected":false},"author":3,"featured_media":519,"comment_status":"closed","ping_status":"open","sticky":false,"template":"","format":"standard","meta":{"footnotes":""},"categories":[1],"tags":[],"class_list":["post-411","post","type-post","status-publish","format-standard","has-post-thumbnail","hentry","category-uncategorized"],"_links":{"self":[{"href":"https:\/\/www.buergerverein-ammerbuch.de\/bv\/wp-json\/wp\/v2\/posts\/411","targetHints":{"allow":["GET"]}}],"collection":[{"href":"https:\/\/www.buergerverein-ammerbuch.de\/bv\/wp-json\/wp\/v2\/posts"}],"about":[{"href":"https:\/\/www.buergerverein-ammerbuch.de\/bv\/wp-json\/wp\/v2\/types\/post"}],"author":[{"embeddable":true,"href":"https:\/\/www.buergerverein-ammerbuch.de\/bv\/wp-json\/wp\/v2\/users\/3"}],"replies":[{"embeddable":true,"href":"https:\/\/www.buergerverein-ammerbuch.de\/bv\/wp-json\/wp\/v2\/comments?post=411"}],"version-history":[{"count":1,"href":"https:\/\/www.buergerverein-ammerbuch.de\/bv\/wp-json\/wp\/v2\/posts\/411\/revisions"}],"predecessor-version":[{"id":412,"href":"https:\/\/www.buergerverein-ammerbuch.de\/bv\/wp-json\/wp\/v2\/posts\/411\/revisions\/412"}],"wp:featuredmedia":[{"embeddable":true,"href":"https:\/\/www.buergerverein-ammerbuch.de\/bv\/wp-json\/wp\/v2\/media\/519"}],"wp:attachment":[{"href":"https:\/\/www.buergerverein-ammerbuch.de\/bv\/wp-json\/wp\/v2\/media?parent=411"}],"wp:term":[{"taxonomy":"category","embeddable":true,"href":"https:\/\/www.buergerverein-ammerbuch.de\/bv\/wp-json\/wp\/v2\/categories?post=411"},{"taxonomy":"post_tag","embeddable":true,"href":"https:\/\/www.buergerverein-ammerbuch.de\/bv\/wp-json\/wp\/v2\/tags?post=411"}],"curies":[{"name":"wp","href":"https:\/\/api.w.org\/{rel}","templated":true}]}}