{"id":612,"date":"2023-03-14T19:03:21","date_gmt":"2023-03-14T19:03:21","guid":{"rendered":"https:\/\/www.buergerverein-ammerbuch.de\/bv\/?p=612"},"modified":"2023-08-13T08:05:59","modified_gmt":"2023-08-13T08:05:59","slug":"bilder-der-historischen-ammerbucher-grenzsteinzeugen","status":"publish","type":"post","link":"https:\/\/www.buergerverein-ammerbuch.de\/bv\/bilder-der-historischen-ammerbucher-grenzsteinzeugen\/","title":{"rendered":"Bilder der historischen Ammerbucher Grenzsteinzeugen"},"content":{"rendered":"\n<p>Grenzsteine wurden zur Verhinderung von illegalen Grenzsteinversetzungen mit sogenannten Grenzsteinzeugen markiert. Diese wurden in bestimmter Position unter den Grenzsteinen vergraben. Oft wurden daf\u00fcr Tontafeln verwendet. Wie diese in Ammerbuch fr\u00fcher aussahen, findet sich hier im Staatsarchiv:<\/p>\n\n\n\n<p><a href=\"https:\/\/www.leo-bw.de\/media\/lgl_grenzsteinzeugen\/current\/delivered\/Bilder\/1627.JPG\" target=\"_blank\" rel=\"noopener\" title=\"\">Altingen <\/a><\/p>\n\n\n\n<p><a href=\"https:\/\/www.leo-bw.de\/media\/lgl_grenzsteinzeugen\/current\/delivered\/Bilder\/1628.JPG\" title=\"\">Breitenholz<\/a><\/p>\n\n\n\n<p><a href=\"https:\/\/www.leo-bw.de\/media\/lgl_grenzsteinzeugen\/current\/delivered\/Bilder\/1631.JPG\" target=\"_blank\" rel=\"noopener\" title=\"\">Entringen<\/a><\/p>\n\n\n\n<p><a href=\"https:\/\/www.leo-bw.de\/media\/lgl_grenzsteinzeugen\/current\/delivered\/Bilder\/1632.JPG\" target=\"_blank\" rel=\"noopener\" title=\"\">Pf\u00e4ffingen<\/a><\/p>\n\n\n\n<p><a href=\"https:\/\/www.leo-bw.de\/media\/lgl_grenzsteinzeugen\/current\/delivered\/Bilder\/1630.JPG\" target=\"_blank\" rel=\"noopener\" title=\"\">Poltringen<\/a><\/p>\n\n\n\n<p><a href=\"https:\/\/www.leo-bw.de\/media\/lgl_grenzsteinzeugen\/current\/delivered\/Bilder\/1629.JPG\" target=\"_blank\" rel=\"noopener\" title=\"\">Reusten<\/a><\/p>\n\n\n\n<p><a href=\"https:\/\/www.leo-bw.de\/web\/guest\/detail\/-\/Detail\/details\/DOKUMENT\/lgl_grenzsteinzeugen\/9082\/Grenzsteinzeuge+Staatsforst\" target=\"_blank\" rel=\"noopener\" title=\"\">Staatsforst<\/a><\/p>\n\n\n\n<p>Mittlerweile gibt es auch eine komplette Sammlung der Ammerbucher Zeugensteine in Ammerbuch selbst (<a href=\"https:\/\/www.buergerverein-ammerbuch.de\/bv\/wp-content\/uploads\/2023\/08\/IMG_4094-rotated.jpg\" target=\"_blank\" rel=\"noopener\" title=\"\">Sammlung B. Dieter \/ B. Tausch<\/a>). Mehr Informationen und Bilder aller Sorten von Grenzsteinzeugen des Landkreises T\u00fcbingen finden sich in diesem empfehlenswerten <a href=\"https:\/\/www.franz-burger.de\/tuebingen.html\" target=\"_blank\" rel=\"noopener\" title=\"\">Buch<\/a>, das auch Bilder des &#8222;<a href=\"https:\/\/www.buergerverein-ammerbuch.de\/bv\/hintergrundinformationen-grenzstein-refugium\/\" target=\"_blank\" rel=\"noopener\" title=\"\">Ammerbucher Grenzstein Refugiums<\/a>&#8220; enth\u00e4lt, in mittlerweile dritter Auflage.<\/p>\n","protected":false},"excerpt":{"rendered":"<p>Grenzsteine wurden zur Verhinderung von illegalen Grenzsteinversetzungen mit sogenannten Grenzsteinzeugen markiert. Diese wurden in bestimmter Position unter den Grenzsteinen vergraben. Oft wurden daf\u00fcr Tontafeln verwendet. Wie diese in Ammerbuch fr\u00fcher aussahen, findet sich hier im Staatsarchiv: Altingen Breitenholz Entringen Pf\u00e4ffingen&#8230; <a class=\"more-link\" href=\"https:\/\/www.buergerverein-ammerbuch.de\/bv\/bilder-der-historischen-ammerbucher-grenzsteinzeugen\/\">Weiterlesen &rarr;<\/a><\/p>\n","protected":false},"author":3,"featured_media":615,"comment_status":"closed","ping_status":"open","sticky":false,"template":"","format":"standard","meta":{"footnotes":""},"categories":[1],"tags":[],"class_list":["post-612","post","type-post","status-publish","format-standard","has-post-thumbnail","hentry","category-uncategorized"],"_links":{"self":[{"href":"https:\/\/www.buergerverein-ammerbuch.de\/bv\/wp-json\/wp\/v2\/posts\/612","targetHints":{"allow":["GET"]}}],"collection":[{"href":"https:\/\/www.buergerverein-ammerbuch.de\/bv\/wp-json\/wp\/v2\/posts"}],"about":[{"href":"https:\/\/www.buergerverein-ammerbuch.de\/bv\/wp-json\/wp\/v2\/types\/post"}],"author":[{"embeddable":true,"href":"https:\/\/www.buergerverein-ammerbuch.de\/bv\/wp-json\/wp\/v2\/users\/3"}],"replies":[{"embeddable":true,"href":"https:\/\/www.buergerverein-ammerbuch.de\/bv\/wp-json\/wp\/v2\/comments?post=612"}],"version-history":[{"count":6,"href":"https:\/\/www.buergerverein-ammerbuch.de\/bv\/wp-json\/wp\/v2\/posts\/612\/revisions"}],"predecessor-version":[{"id":710,"href":"https:\/\/www.buergerverein-ammerbuch.de\/bv\/wp-json\/wp\/v2\/posts\/612\/revisions\/710"}],"wp:featuredmedia":[{"embeddable":true,"href":"https:\/\/www.buergerverein-ammerbuch.de\/bv\/wp-json\/wp\/v2\/media\/615"}],"wp:attachment":[{"href":"https:\/\/www.buergerverein-ammerbuch.de\/bv\/wp-json\/wp\/v2\/media?parent=612"}],"wp:term":[{"taxonomy":"category","embeddable":true,"href":"https:\/\/www.buergerverein-ammerbuch.de\/bv\/wp-json\/wp\/v2\/categories?post=612"},{"taxonomy":"post_tag","embeddable":true,"href":"https:\/\/www.buergerverein-ammerbuch.de\/bv\/wp-json\/wp\/v2\/tags?post=612"}],"curies":[{"name":"wp","href":"https:\/\/api.w.org\/{rel}","templated":true}]}}