{"id":684,"date":"2023-07-09T13:42:18","date_gmt":"2023-07-09T13:42:18","guid":{"rendered":"https:\/\/www.buergerverein-ammerbuch.de\/bv\/?p=684"},"modified":"2023-07-09T13:47:17","modified_gmt":"2023-07-09T13:47:17","slug":"oeffentliche-fuehrung-grenzstein-refugium-07-07-23","status":"publish","type":"post","link":"https:\/\/www.buergerverein-ammerbuch.de\/bv\/oeffentliche-fuehrung-grenzstein-refugium-07-07-23\/","title":{"rendered":"\u00d6ffentliche F\u00fchrung Grenzstein Refugium 07.07.23"},"content":{"rendered":"\n<p>In dem im letzten Jahr gegr\u00fcndeten Ammerbucher Grenzstein Refugium (AGR) gab es nun eine erste \u00f6ffentliche F\u00fchrung unter Leitung von Reinhold Bauer und Boris Dieter. Dabei wurden die nun mittlerweile 23 historischen Grenzsteine vorgestellt. Vierzig Interessierte lie\u00dfen sich in die Hintergr\u00fcnde des AGR und Interessantes rund um das Thema Grenzsteine einf\u00fchren, die Kleindenkmale und rechtshistorische Kunstwerke darstellen. <\/p>\n\n\n\n<p>Zuerst gab es nach der Begr\u00fc\u00dfung allgemeine Informationen zum AGR wie der Grund der Einrichtung (Erhaltung von Grenzsteinen, die ihren urspr\u00fcnglichen Standort durch Zerst\u00f6rung oder Entfernung verloren haben), die schriftliche wie bildliche Dokumentation jedes Steines auch durch das Inschriftenprojekt der Uni T\u00fcbingen, der Infostein vor Ort mit QR-Code, die Anordnung der Steine nach ihrem fr\u00fcheren Standort und Zusatzinformationen in Gooogle Maps wie Drohnenfilm und Bilder. Zudem wurde besonders engagierten Unterst\u00fctzern herzlich gedankt wie Rolf K\u00fcmmerle (Steinbildhauer) und Gerhard Schwarz (Rasenpflege).<\/p>\n\n\n\n<p>Dann wurden die einzelnen Steine mit Ihrer Geschichte und Inschriften vorgestellt. Es wurden dabei auch u.a. folgende Fragen beantwortet: Was bedeuten die Zahlen, Inschriften und Symbole? Was ist eine Krinne, ein Unterg\u00e4nger, ein Grenzsteinzeuge oder ein L\u00e4ufer? Was bedeutet das Zeugengeheimnis und warum wurden Inschriften abge\u00e4ndert? Es wurde auch erl\u00e4utert, dass die zu sehende heutige Ausmalung der Steine nicht historisch ist, sondern nur dem heutigen Betrachter hilft, die oft nur noch schwer erkennbaren Inschriften wahrzunehmen. Der \u00e4lteste bestimmbare Stein ist \u00fcbrigens von 1625, allerdings d\u00fcrfte auch einzelne Steine im AGR \u00e4lter sein, dies ist aber nicht belegbar. Grenzsteine wurden ja schon seit dem 13. Jahrhundert genutzt.<\/p>\n\n\n\n<p>Begleitend dazu gab es eine kleine Austellung von Grenzsteinzeugen meist aus Ammerbuch, die unter den Grenzsteinen fr\u00fcher, vor GPS und topografischen Karten, daf\u00fcr sorgen sollten bei Grenzstreitigkeiten den korrekten Standort eines Grenzsteins zu belegen. <\/p>\n\n\n\n<p>Besonders Interessierte konnte anschlie\u00dfend an die F\u00fchrung noch an der nicht weit entfernt liegenden Gemarkungsgrenze von Entringen zu Poltringen drei Grenzsteine kennenlernen, die noch an ihrem historischen Standort stehen, aber auch schon unterschiedlich besch\u00e4digt sind.<\/p>\n","protected":false},"excerpt":{"rendered":"<p>In dem im letzten Jahr gegr\u00fcndeten Ammerbucher Grenzstein Refugium (AGR) gab es nun eine erste \u00f6ffentliche F\u00fchrung unter Leitung von Reinhold Bauer und Boris Dieter. Dabei wurden die nun mittlerweile 23 historischen Grenzsteine vorgestellt. Vierzig Interessierte lie\u00dfen sich in die&#8230; <a class=\"more-link\" href=\"https:\/\/www.buergerverein-ammerbuch.de\/bv\/oeffentliche-fuehrung-grenzstein-refugium-07-07-23\/\">Weiterlesen &rarr;<\/a><\/p>\n","protected":false},"author":3,"featured_media":685,"comment_status":"closed","ping_status":"open","sticky":false,"template":"","format":"standard","meta":{"footnotes":""},"categories":[1],"tags":[],"class_list":["post-684","post","type-post","status-publish","format-standard","has-post-thumbnail","hentry","category-uncategorized"],"_links":{"self":[{"href":"https:\/\/www.buergerverein-ammerbuch.de\/bv\/wp-json\/wp\/v2\/posts\/684","targetHints":{"allow":["GET"]}}],"collection":[{"href":"https:\/\/www.buergerverein-ammerbuch.de\/bv\/wp-json\/wp\/v2\/posts"}],"about":[{"href":"https:\/\/www.buergerverein-ammerbuch.de\/bv\/wp-json\/wp\/v2\/types\/post"}],"author":[{"embeddable":true,"href":"https:\/\/www.buergerverein-ammerbuch.de\/bv\/wp-json\/wp\/v2\/users\/3"}],"replies":[{"embeddable":true,"href":"https:\/\/www.buergerverein-ammerbuch.de\/bv\/wp-json\/wp\/v2\/comments?post=684"}],"version-history":[{"count":2,"href":"https:\/\/www.buergerverein-ammerbuch.de\/bv\/wp-json\/wp\/v2\/posts\/684\/revisions"}],"predecessor-version":[{"id":688,"href":"https:\/\/www.buergerverein-ammerbuch.de\/bv\/wp-json\/wp\/v2\/posts\/684\/revisions\/688"}],"wp:featuredmedia":[{"embeddable":true,"href":"https:\/\/www.buergerverein-ammerbuch.de\/bv\/wp-json\/wp\/v2\/media\/685"}],"wp:attachment":[{"href":"https:\/\/www.buergerverein-ammerbuch.de\/bv\/wp-json\/wp\/v2\/media?parent=684"}],"wp:term":[{"taxonomy":"category","embeddable":true,"href":"https:\/\/www.buergerverein-ammerbuch.de\/bv\/wp-json\/wp\/v2\/categories?post=684"},{"taxonomy":"post_tag","embeddable":true,"href":"https:\/\/www.buergerverein-ammerbuch.de\/bv\/wp-json\/wp\/v2\/tags?post=684"}],"curies":[{"name":"wp","href":"https:\/\/api.w.org\/{rel}","templated":true}]}}