{"id":744,"date":"2023-10-02T14:56:08","date_gmt":"2023-10-02T14:56:08","guid":{"rendered":"https:\/\/www.buergerverein-ammerbuch.de\/bv\/?p=744"},"modified":"2023-11-10T20:01:01","modified_gmt":"2023-11-10T20:01:01","slug":"einladung-ortsgeschichtlicher-austausch-landwirtschaft-frueher","status":"publish","type":"post","link":"https:\/\/www.buergerverein-ammerbuch.de\/bv\/einladung-ortsgeschichtlicher-austausch-landwirtschaft-frueher\/","title":{"rendered":"Einladung ortsgeschichtlicher Austausch &#8211; &#8222;Landwirtschaft &#8211; fr\u00fcher &#8211; I&#8220;"},"content":{"rendered":"\n<p>Der Heimat- und Wanderverein Ammerbuch e.V. veranstaltet mit dem B\u00fcrgerverein Ammerbuch e. V. am<\/p>\n\n\n\n<p><strong>Mittwoch, den 18. Oktober<\/strong> ein Treffen in der Palmbergh\u00fctte Poltringen zum Thema:<\/p>\n\n\n\n<p><strong>&#8222;Landwirtschaft &#8211; fr\u00fcher&#8220; (50er und 60er Jahre im Fokus).<\/strong><\/p>\n\n\n\n<p>Alle Geschichtsinteressierten sind herzlich willkommen.<\/p>\n\n\n\n<p>Sch\u00f6n w\u00e4re es, wenn Erz\u00e4hlungen und Bildmaterial mitgebracht werden.<\/p>\n\n\n\n<p><strong>Die Palmbergh\u00fctte ist ab 14.30 Uhr ge\u00f6ffnet.<\/strong><\/p>\n\n\n\n<p>Es gibt Kaffee und Kuchen.<\/p>\n","protected":false},"excerpt":{"rendered":"<p>Der Heimat- und Wanderverein Ammerbuch e.V. veranstaltet mit dem B\u00fcrgerverein Ammerbuch e. V. am Mittwoch, den 18. Oktober ein Treffen in der Palmbergh\u00fctte Poltringen zum Thema: &#8222;Landwirtschaft &#8211; fr\u00fcher&#8220; (50er und 60er Jahre im Fokus). Alle Geschichtsinteressierten sind herzlich willkommen&#8230;. <a class=\"more-link\" href=\"https:\/\/www.buergerverein-ammerbuch.de\/bv\/einladung-ortsgeschichtlicher-austausch-landwirtschaft-frueher\/\">Weiterlesen &rarr;<\/a><\/p>\n","protected":false},"author":3,"featured_media":0,"comment_status":"closed","ping_status":"open","sticky":false,"template":"","format":"standard","meta":{"footnotes":""},"categories":[1],"tags":[],"class_list":["post-744","post","type-post","status-publish","format-standard","hentry","category-uncategorized"],"_links":{"self":[{"href":"https:\/\/www.buergerverein-ammerbuch.de\/bv\/wp-json\/wp\/v2\/posts\/744","targetHints":{"allow":["GET"]}}],"collection":[{"href":"https:\/\/www.buergerverein-ammerbuch.de\/bv\/wp-json\/wp\/v2\/posts"}],"about":[{"href":"https:\/\/www.buergerverein-ammerbuch.de\/bv\/wp-json\/wp\/v2\/types\/post"}],"author":[{"embeddable":true,"href":"https:\/\/www.buergerverein-ammerbuch.de\/bv\/wp-json\/wp\/v2\/users\/3"}],"replies":[{"embeddable":true,"href":"https:\/\/www.buergerverein-ammerbuch.de\/bv\/wp-json\/wp\/v2\/comments?post=744"}],"version-history":[{"count":4,"href":"https:\/\/www.buergerverein-ammerbuch.de\/bv\/wp-json\/wp\/v2\/posts\/744\/revisions"}],"predecessor-version":[{"id":755,"href":"https:\/\/www.buergerverein-ammerbuch.de\/bv\/wp-json\/wp\/v2\/posts\/744\/revisions\/755"}],"wp:attachment":[{"href":"https:\/\/www.buergerverein-ammerbuch.de\/bv\/wp-json\/wp\/v2\/media?parent=744"}],"wp:term":[{"taxonomy":"category","embeddable":true,"href":"https:\/\/www.buergerverein-ammerbuch.de\/bv\/wp-json\/wp\/v2\/categories?post=744"},{"taxonomy":"post_tag","embeddable":true,"href":"https:\/\/www.buergerverein-ammerbuch.de\/bv\/wp-json\/wp\/v2\/tags?post=744"}],"curies":[{"name":"wp","href":"https:\/\/api.w.org\/{rel}","templated":true}]}}