{"id":784,"date":"2024-05-07T17:14:52","date_gmt":"2024-05-07T17:14:52","guid":{"rendered":"https:\/\/www.buergerverein-ammerbuch.de\/bv\/?p=784"},"modified":"2024-05-07T17:14:52","modified_gmt":"2024-05-07T17:14:52","slug":"fruehjahrsausstellung-der-kuenstlervereinigung-war-ein-grosser-erfolg","status":"publish","type":"post","link":"https:\/\/www.buergerverein-ammerbuch.de\/bv\/fruehjahrsausstellung-der-kuenstlervereinigung-war-ein-grosser-erfolg\/","title":{"rendered":"Fr\u00fchjahrsausstellung der K\u00fcnstlervereinigung war ein gro\u00dfer Erfolg!"},"content":{"rendered":"\n<p>Mehrere Hundert Interessierte kamen an den vier \u00d6ffnungstagen zu einem spannenden Experiment: Alte Ger\u00e4tschaften und moderne Kunst in der Schlossscheuer Polringen! Es war eine gelungenes Ausstellung, die viele G\u00e4ste begeistert hat.<\/p>\n\n\n\n<p>Und es gesellte sich in der Schlossscheuer nicht nur auf drei Etagen neue Kunst zu alten Ger\u00e4tschaften, sondern Anna S. B\u00f6hler umrahmte die Vernissage mit sanften Tangoweisen am Akkordeon. G\u00fcnter Schubert, aktives Mitglied der K\u00fcnstlervereinigung seit den Anfangszeiten in den 80er Jahren, hielt eine bewegende Rede zur Einf\u00fchrung in das reichhaltige Schaffen der Ammerbucher K\u00fcnstlerinnen und K\u00fcnstler.<\/p>\n\n\n\n<p>Manch ein Kunstwerk wie Skulpturen von Friederike Fricker \u2013 versteckte sich ein wenig und musste entdeckt werden. Manche Kunstwerke fanden sich auf oder \u2013 wie die Bilder von Iris Groebe \u2013 an T\u00fcren alter M\u00f6belst\u00fccke. R\u00f6ntgenbilder von Uli Waiblinger verleihen den historischen Sammelobjekten einen eigent\u00fcmlichen Glanz. Aber nicht alle fanden auch die versteckten Kunstwerke, wie gestaltete K\u00e4fer tief in einem Bottich verborgen.<\/p>\n\n\n\n<p>Richtig gem\u00fctlich und rockig ging es bei herrlichem Wetter noch mal bei der Finissage mit dem Duo Horse Mountain zu.<\/p>\n\n\n\n<p>Wir freuen uns schon sehr auf die n\u00e4chste Begegnung von alten Erinnerungsst\u00fccken und neuen Kunstwerken. Wir danken der K\u00fcnstlervereinigung Ammerbuch und freuen uns auf die Herbstausstellung im Rahmen des n\u00e4chsten Poltringer Schlossnmarkts!<\/p>\n","protected":false},"excerpt":{"rendered":"<p>Mehrere Hundert Interessierte kamen an den vier \u00d6ffnungstagen zu einem spannenden Experiment: Alte Ger\u00e4tschaften und moderne Kunst in der Schlossscheuer Polringen! Es war eine gelungenes Ausstellung, die viele G\u00e4ste begeistert hat. Und es gesellte sich in der Schlossscheuer nicht nur&#8230; <a class=\"more-link\" href=\"https:\/\/www.buergerverein-ammerbuch.de\/bv\/fruehjahrsausstellung-der-kuenstlervereinigung-war-ein-grosser-erfolg\/\">Weiterlesen &rarr;<\/a><\/p>\n","protected":false},"author":3,"featured_media":785,"comment_status":"closed","ping_status":"open","sticky":false,"template":"","format":"standard","meta":{"footnotes":""},"categories":[1],"tags":[],"class_list":["post-784","post","type-post","status-publish","format-standard","has-post-thumbnail","hentry","category-uncategorized"],"_links":{"self":[{"href":"https:\/\/www.buergerverein-ammerbuch.de\/bv\/wp-json\/wp\/v2\/posts\/784","targetHints":{"allow":["GET"]}}],"collection":[{"href":"https:\/\/www.buergerverein-ammerbuch.de\/bv\/wp-json\/wp\/v2\/posts"}],"about":[{"href":"https:\/\/www.buergerverein-ammerbuch.de\/bv\/wp-json\/wp\/v2\/types\/post"}],"author":[{"embeddable":true,"href":"https:\/\/www.buergerverein-ammerbuch.de\/bv\/wp-json\/wp\/v2\/users\/3"}],"replies":[{"embeddable":true,"href":"https:\/\/www.buergerverein-ammerbuch.de\/bv\/wp-json\/wp\/v2\/comments?post=784"}],"version-history":[{"count":1,"href":"https:\/\/www.buergerverein-ammerbuch.de\/bv\/wp-json\/wp\/v2\/posts\/784\/revisions"}],"predecessor-version":[{"id":786,"href":"https:\/\/www.buergerverein-ammerbuch.de\/bv\/wp-json\/wp\/v2\/posts\/784\/revisions\/786"}],"wp:featuredmedia":[{"embeddable":true,"href":"https:\/\/www.buergerverein-ammerbuch.de\/bv\/wp-json\/wp\/v2\/media\/785"}],"wp:attachment":[{"href":"https:\/\/www.buergerverein-ammerbuch.de\/bv\/wp-json\/wp\/v2\/media?parent=784"}],"wp:term":[{"taxonomy":"category","embeddable":true,"href":"https:\/\/www.buergerverein-ammerbuch.de\/bv\/wp-json\/wp\/v2\/categories?post=784"},{"taxonomy":"post_tag","embeddable":true,"href":"https:\/\/www.buergerverein-ammerbuch.de\/bv\/wp-json\/wp\/v2\/tags?post=784"}],"curies":[{"name":"wp","href":"https:\/\/api.w.org\/{rel}","templated":true}]}}